{"id":32567,"date":"2026-08-30T10:00:00","date_gmt":"2026-08-30T08:00:00","guid":{"rendered":"https:\/\/wonderfauna.org\/?p=32567"},"modified":"2026-08-30T20:08:37","modified_gmt":"2026-08-30T18:08:37","slug":"des-vivants-parmi-dautres-regard-sur-le-monde-avec-matthieu-gafsou","status":"publish","type":"post","link":"https:\/\/wonderfauna.org\/en\/des-vivants-parmi-dautres-regard-sur-le-monde-avec-matthieu-gafsou\/","title":{"rendered":"Des Vivants parmi d\u2019autres <p style=\"font-size: 40px; font-style: italic;\">Regard sur le monde avec Matthieu Gafsou<\/p>"},"content":{"rendered":"<h2 class=\"wp-block-heading\"><strong>Les racines d&rsquo;une s\u00e9paration<\/strong><\/h2>\n\n\n\n<p class=\"wp-block-paragraph\">En Occident, plusieurs si\u00e8cles d&rsquo;histoire ont contribu\u00e9 \u00e0 ancrer une s\u00e9paration profonde entre l&rsquo;\u00eatre humain et le reste du vivant. Parce qu&rsquo;il poss\u00e8de la raison, le langage et la technique, l&rsquo;humain s&rsquo;est progressivement pens\u00e9 comme une esp\u00e8ce \u00e0 part, capable de mesurer, d&rsquo;exploiter et d&rsquo;organiser une plan\u00e8te d\u00e9pos\u00e9e entre ses mains. Cette vision du monde a fa\u00e7onn\u00e9&nbsp;nos soci\u00e9t\u00e9s, faisant de la nature une ressource \u00e0 exploiter, un paysage \u00e0 am\u00e9nager, un objet \u00e0 ma\u00eetriser par la connaissance.<\/p>\n\n\n\n<p class=\"wp-block-paragraph\">Aujourd&rsquo;hui, les cons\u00e9quences de cette conception ne rel\u00e8vent plus de la sp\u00e9culation. Les canicules s&rsquo;intensifient, les glaciers reculent, les esp\u00e8ces disparaissent \u00e0 un rythme alarmant, tandis que les \u00e9quilibres&nbsp;\u00e9cologiques se fragilisent. Longtemps&nbsp;consid\u00e9r\u00e9 comme un simple d\u00e9cor ou une externalit\u00e9, l\u2019environnement \u2014 et ceux qui y vivent \u2014 nous rappelle d\u00e9sormais qu\u2019il constitue la condition m\u00eame de notre existence.<\/p>\n\n\n\n<p class=\"wp-block-paragraph\">Pour Matthieu Gafsou, cette r\u00e9flexion est n\u00e9e d&rsquo;une exp\u00e9rience intime : la paternit\u00e9. \u00c0 la naissance de ses enfants, la confiance dans les lendemains s&rsquo;est fissur\u00e9e en prenant conscience qu&rsquo;ils habiteraient le monde que nous sommes en train de fa\u00e7onner. <em>Vivants<\/em>&nbsp;na\u00eet de ce tremblement personnel et nourrit une interrogation sur la responsabilit\u00e9, la transmission et la place que nous occupons parmi les autres formes de vie.<\/p>\n\n\n\n<div class=\"wp-block-columns is-layout-flex wp-container-core-columns-is-layout-8f761849 wp-block-columns-is-layout-flex\">\n<div class=\"wp-block-column is-layout-flow wp-block-column-is-layout-flow\" style=\"flex-basis:100%\">\n<div style=\"height:2px\" aria-hidden=\"true\" class=\"wp-block-spacer\"><\/div>\n\n\n\n<div class=\"wp-block-group\"><div class=\"wp-block-group__inner-container is-layout-constrained wp-block-group-is-layout-constrained\">\n<div class=\"wp-block-group is-layout-grid wp-container-core-group-is-layout-1e2e5166 wp-block-group-is-layout-grid\">\n<figure class=\"wp-block-gallery has-nested-images columns-default is-cropped wp-block-gallery-1 is-layout-flex wp-block-gallery-is-layout-flex\">\n<figure class=\"wp-block-image size-large\"><img fetchpriority=\"high\" decoding=\"async\" width=\"768\" height=\"1024\" data-id=\"32609\" src=\"https:\/\/wonderfauna.org\/wp-content\/uploads\/2026\/08\/SiteMatthieuGafsou_\u00a9SamanthaKeller-2-768x1024.jpg\" alt=\"\" class=\"wp-image-32609\" srcset=\"https:\/\/wonderfauna.org\/wp-content\/uploads\/2026\/08\/SiteMatthieuGafsou_\u00a9SamanthaKeller-2-768x1024.jpg 768w, https:\/\/wonderfauna.org\/wp-content\/uploads\/2026\/08\/SiteMatthieuGafsou_\u00a9SamanthaKeller-2-225x300.jpg 225w, https:\/\/wonderfauna.org\/wp-content\/uploads\/2026\/08\/SiteMatthieuGafsou_\u00a9SamanthaKeller-2-9x12.jpg 9w, https:\/\/wonderfauna.org\/wp-content\/uploads\/2026\/08\/SiteMatthieuGafsou_\u00a9SamanthaKeller-2.jpg 1063w\" sizes=\"(max-width: 768px) 100vw, 768px\" \/><\/figure>\n\n\n\n<figure class=\"wp-block-image size-large\"><img decoding=\"async\" width=\"768\" height=\"1024\" data-id=\"32608\" data-src=\"https:\/\/wonderfauna.org\/wp-content\/uploads\/2026\/08\/SiteMatthieuGafsou_\u00a9SamanthaKeller-17-768x1024.jpg\" alt=\"\" class=\"wp-image-32608 lazyload\" data-srcset=\"https:\/\/wonderfauna.org\/wp-content\/uploads\/2026\/08\/SiteMatthieuGafsou_\u00a9SamanthaKeller-17-768x1024.jpg 768w, https:\/\/wonderfauna.org\/wp-content\/uploads\/2026\/08\/SiteMatthieuGafsou_\u00a9SamanthaKeller-17-225x300.jpg 225w, https:\/\/wonderfauna.org\/wp-content\/uploads\/2026\/08\/SiteMatthieuGafsou_\u00a9SamanthaKeller-17-9x12.jpg 9w, https:\/\/wonderfauna.org\/wp-content\/uploads\/2026\/08\/SiteMatthieuGafsou_\u00a9SamanthaKeller-17.jpg 1063w\" data-sizes=\"(max-width: 768px) 100vw, 768px\" src=\"data:image\/svg+xml;base64,PHN2ZyB3aWR0aD0iMSIgaGVpZ2h0PSIxIiB4bWxucz0iaHR0cDovL3d3dy53My5vcmcvMjAwMC9zdmciPjwvc3ZnPg==\" style=\"--smush-placeholder-width: 768px; --smush-placeholder-aspect-ratio: 768\/1024;\" \/><\/figure>\n<figcaption class=\"blocks-gallery-caption wp-element-caption\">Portrait de Matthieu Gafsou en diptyque avec un fragment v\u00e9g\u00e9tal, 2026.   \u2013 \u00a9 Samantha Keller \/ WonderFauna<\/figcaption><\/figure>\n<\/div>\n<\/div><\/div>\n<\/div>\n<\/div>\n\n\n\n<h2 class=\"wp-block-heading\"><strong><strong><strong>Une crise de la perception<\/strong><\/strong><\/strong><\/h2>\n\n\n\n<p class=\"wp-block-paragraph\">Les connaissances sur les bouleversements \u00e9cologiques n&rsquo;ont jamais \u00e9t\u00e9 aussi fines et nombreuses. Les \u00e9tudes s&rsquo;accumulent, les mod\u00e8les se pr\u00e9cisent, les cons\u00e9quences sont largement document\u00e9es. Pourtant, cette accumulation de savoirs peine \u00e0 modifier profond\u00e9ment notre mani\u00e8re d&rsquo;habiter le monde. Quelque chose r\u00e9siste entre la connaissance et l&rsquo;exp\u00e9rience.<\/p>\n\n\n\n<p class=\"wp-block-paragraph\">Le philosophe et \u00e9cologiste am\u00e9ricain<a>&nbsp;<\/a>David Abram voit dans ce d\u00e9calage le signe d&rsquo;une crise du sensible, un d\u00e9ficit de perception. Pour lui, percevoir n&rsquo;est jamais observer le monde de l&rsquo;ext\u00e9rieur : c&rsquo;est entrer en relation avec lui. Avant m\u00eame que la pens\u00e9e n&rsquo;interpr\u00e8te, le corps r\u00e9pond d\u00e9j\u00e0 au vent, \u00e0 la lumi\u00e8re, aux odeurs, aux bruissements. Cette r\u00e9ciprocit\u00e9, longtemps au c\u0153ur de notre rapport au vivant, s&rsquo;est progressivement affaiblie dans des existences de plus en plus m\u00e9diatis\u00e9es par les \u00e9crans, les flux d&rsquo;informations et les environnements artificialis\u00e9s.<\/p>\n\n\n\n<p class=\"wp-block-paragraph\">C&rsquo;est pr\u00e9cis\u00e9ment dans cette faille que s&rsquo;inscrit&nbsp;<em>Vivants<\/em>. Gafsou ne cherche ni \u00e0 d\u00e9montrer une catastrophe d\u00e9j\u00e0 connue ni \u00e0 faire entendre un discours militant. Il propose une exp\u00e9rience du regard. Ses photographies ralentissent notre perception et nous invitent \u00e0 retrouver une proximit\u00e9 avec un monde devenu paradoxalement familier, lointain et parfois invisible.<\/p>\n\n\n\n<p class=\"wp-block-paragraph\">Cette exp\u00e9rience tient autant aux sujets photographi\u00e9s qu&rsquo;\u00e0 la mani\u00e8re dont ils dialoguent. Un portrait succ\u00e8de \u00e0 une v\u00e9g\u00e9tation envahissante, un paysage industriel r\u00e9pond \u00e0 la fragilit\u00e9 d&rsquo;un corps, une silhouette humaine appara\u00eet comme une pr\u00e9sence parmi d&rsquo;autres. Les images ne d\u00e9livrent pas un message, mais composent un r\u00e9seau d&rsquo;\u00e9chos o\u00f9 chaque photographie modifie la lecture de la pr\u00e9c\u00e9dente.<\/p>\n\n\n\n<figure class=\"wp-block-gallery has-nested-images columns-default is-cropped wp-block-gallery-2 is-layout-flex wp-block-gallery-is-layout-flex\">\n<figure class=\"wp-block-image size-large\"><img decoding=\"async\" width=\"1024\" height=\"820\" data-id=\"32540\" data-src=\"https:\/\/wonderfauna.org\/wp-content\/uploads\/2026\/08\/GAM_VIVANTS_2022_012-1024x820.jpg\" alt=\"\" class=\"wp-image-32540 lazyload\" data-srcset=\"https:\/\/wonderfauna.org\/wp-content\/uploads\/2026\/08\/GAM_VIVANTS_2022_012-1024x820.jpg 1024w, https:\/\/wonderfauna.org\/wp-content\/uploads\/2026\/08\/GAM_VIVANTS_2022_012-300x240.jpg 300w, https:\/\/wonderfauna.org\/wp-content\/uploads\/2026\/08\/GAM_VIVANTS_2022_012-768x615.jpg 768w, https:\/\/wonderfauna.org\/wp-content\/uploads\/2026\/08\/GAM_VIVANTS_2022_012-1536x1230.jpg 1536w, https:\/\/wonderfauna.org\/wp-content\/uploads\/2026\/08\/GAM_VIVANTS_2022_012-2048x1640.jpg 2048w, https:\/\/wonderfauna.org\/wp-content\/uploads\/2026\/08\/GAM_VIVANTS_2022_012-15x12.jpg 15w\" data-sizes=\"(max-width: 1024px) 100vw, 1024px\" src=\"data:image\/svg+xml;base64,PHN2ZyB3aWR0aD0iMSIgaGVpZ2h0PSIxIiB4bWxucz0iaHR0cDovL3d3dy53My5vcmcvMjAwMC9zdmciPjwvc3ZnPg==\" style=\"--smush-placeholder-width: 1024px; --smush-placeholder-aspect-ratio: 1024\/820;\" \/><figcaption class=\"wp-element-caption\"><em>Fils I, 2021.<\/em> Extrait de&nbsp;<em>Vivants<\/em>, de Matthieu Gafsou,&nbsp;Atelier EXB, 2023.  \u2014 \u00a9 Matthieu Gafsou \/ MAPS \/ Galerie C<\/figcaption><\/figure>\n<\/figure>\n\n\n\n<figure class=\"wp-block-gallery has-nested-images columns-default is-cropped wp-block-gallery-3 is-layout-flex wp-block-gallery-is-layout-flex\">\n<figure class=\"wp-block-image size-large\"><img decoding=\"async\" width=\"1024\" height=\"819\" data-id=\"32613\" data-src=\"https:\/\/wonderfauna.org\/wp-content\/uploads\/2026\/08\/GAM_VIVANTS_2022_010b-copie-1024x819.jpg\" alt=\"\" class=\"wp-image-32613 lazyload\" data-srcset=\"https:\/\/wonderfauna.org\/wp-content\/uploads\/2026\/08\/GAM_VIVANTS_2022_010b-copie-1024x819.jpg 1024w, https:\/\/wonderfauna.org\/wp-content\/uploads\/2026\/08\/GAM_VIVANTS_2022_010b-copie-300x240.jpg 300w, https:\/\/wonderfauna.org\/wp-content\/uploads\/2026\/08\/GAM_VIVANTS_2022_010b-copie-768x614.jpg 768w, https:\/\/wonderfauna.org\/wp-content\/uploads\/2026\/08\/GAM_VIVANTS_2022_010b-copie-1536x1228.jpg 1536w, https:\/\/wonderfauna.org\/wp-content\/uploads\/2026\/08\/GAM_VIVANTS_2022_010b-copie-15x12.jpg 15w, https:\/\/wonderfauna.org\/wp-content\/uploads\/2026\/08\/GAM_VIVANTS_2022_010b-copie.jpg 1772w\" data-sizes=\"(max-width: 1024px) 100vw, 1024px\" src=\"data:image\/svg+xml;base64,PHN2ZyB3aWR0aD0iMSIgaGVpZ2h0PSIxIiB4bWxucz0iaHR0cDovL3d3dy53My5vcmcvMjAwMC9zdmciPjwvc3ZnPg==\" style=\"--smush-placeholder-width: 1024px; --smush-placeholder-aspect-ratio: 1024\/819;\" \/><figcaption class=\"wp-element-caption\"><em>Cette br\u00fblure constante de l&rsquo;air #8, 2022.<\/em> Extrait de&nbsp;<em>Vivants<\/em>, de Matthieu Gafsou,&nbsp;Atelier EXB, 2023.  \u2014 \u00a9 Matthieu Gafsou \/ MAPS \/ Galerie C<\/figcaption><\/figure>\n<\/figure>\n\n\n\n<div style=\"height:15px\" aria-hidden=\"true\" class=\"wp-block-spacer\"><\/div>\n\n\n\n<p class=\"has-x-large-font-size wp-block-paragraph\"><strong>\u00ab\u2009Ses photographies ralentissent notre perception et nous invitent \u00e0 retrouver une proximit\u00e9 avec un monde devenu paradoxalement familier, lointain et parfois invisible.<\/strong> <strong>\u00bb<\/strong> <\/p>\n\n\n\n<p class=\"wp-block-paragraph\">\u2013 Quentin Arnoux, \u00e0 propos de la pratique de Matthieu Gafsou<\/p>\n\n\n\n<div style=\"height:15px\" aria-hidden=\"true\" class=\"wp-block-spacer\"><\/div>\n\n\n\n<h2 class=\"wp-block-heading\"><strong><strong>Raconter par la photographie<\/strong><\/strong><\/h2>\n\n\n\n<p class=\"wp-block-paragraph\">Parmi les gestes les plus marquants de l\u2019ouvrage, Matthieu Gafsou verse du p\u00e9trole brut sur certains tirages avant de les rephotographier. Les surfaces se couvrent ainsi d&rsquo;irisations noires et dor\u00e9es ; le paysage semble soudain contamin\u00e9 par une mati\u00e8re aussi s\u00e9duisante qu\u2019inqui\u00e9tante.<\/p>\n\n\n\n<figure class=\"wp-block-gallery has-nested-images columns-default is-cropped wp-block-gallery-4 is-layout-flex wp-block-gallery-is-layout-flex\">\n<figure class=\"wp-block-image size-large\"><img decoding=\"async\" width=\"1024\" height=\"819\" data-id=\"32534\" data-src=\"https:\/\/wonderfauna.org\/wp-content\/uploads\/2026\/08\/GAM_VIVANTS_2022_007-1024x819.jpg\" alt=\"\" class=\"wp-image-32534 lazyload\" data-srcset=\"https:\/\/wonderfauna.org\/wp-content\/uploads\/2026\/08\/GAM_VIVANTS_2022_007-1024x819.jpg 1024w, https:\/\/wonderfauna.org\/wp-content\/uploads\/2026\/08\/GAM_VIVANTS_2022_007-300x240.jpg 300w, https:\/\/wonderfauna.org\/wp-content\/uploads\/2026\/08\/GAM_VIVANTS_2022_007-768x614.jpg 768w, https:\/\/wonderfauna.org\/wp-content\/uploads\/2026\/08\/GAM_VIVANTS_2022_007-1536x1229.jpg 1536w, https:\/\/wonderfauna.org\/wp-content\/uploads\/2026\/08\/GAM_VIVANTS_2022_007-2048x1639.jpg 2048w, https:\/\/wonderfauna.org\/wp-content\/uploads\/2026\/08\/GAM_VIVANTS_2022_007-15x12.jpg 15w\" data-sizes=\"(max-width: 1024px) 100vw, 1024px\" src=\"data:image\/svg+xml;base64,PHN2ZyB3aWR0aD0iMSIgaGVpZ2h0PSIxIiB4bWxucz0iaHR0cDovL3d3dy53My5vcmcvMjAwMC9zdmciPjwvc3ZnPg==\" style=\"--smush-placeholder-width: 1024px; --smush-placeholder-aspect-ratio: 1024\/819;\" \/><figcaption class=\"wp-element-caption\"><em>P\u00e9trole IV<\/em>, 2020\u2014 \u00a9 Matthieu Gafsou \/ MAPS \/ Galerie C<\/figcaption><\/figure>\n<\/figure>\n\n\n\n<figure class=\"wp-block-gallery has-nested-images columns-default is-cropped wp-block-gallery-5 is-layout-flex wp-block-gallery-is-layout-flex\">\n<figure class=\"wp-block-image size-large\"><img decoding=\"async\" width=\"1024\" height=\"819\" data-id=\"32578\" data-src=\"https:\/\/wonderfauna.org\/wp-content\/uploads\/2026\/08\/GAM_VIVANTS_2022_035-1024x819.jpg\" alt=\"\" class=\"wp-image-32578 lazyload\" data-srcset=\"https:\/\/wonderfauna.org\/wp-content\/uploads\/2026\/08\/GAM_VIVANTS_2022_035-1024x819.jpg 1024w, https:\/\/wonderfauna.org\/wp-content\/uploads\/2026\/08\/GAM_VIVANTS_2022_035-300x240.jpg 300w, https:\/\/wonderfauna.org\/wp-content\/uploads\/2026\/08\/GAM_VIVANTS_2022_035-768x614.jpg 768w, https:\/\/wonderfauna.org\/wp-content\/uploads\/2026\/08\/GAM_VIVANTS_2022_035-1536x1229.jpg 1536w, https:\/\/wonderfauna.org\/wp-content\/uploads\/2026\/08\/GAM_VIVANTS_2022_035-2048x1638.jpg 2048w, https:\/\/wonderfauna.org\/wp-content\/uploads\/2026\/08\/GAM_VIVANTS_2022_035-15x12.jpg 15w\" data-sizes=\"(max-width: 1024px) 100vw, 1024px\" src=\"data:image\/svg+xml;base64,PHN2ZyB3aWR0aD0iMSIgaGVpZ2h0PSIxIiB4bWxucz0iaHR0cDovL3d3dy53My5vcmcvMjAwMC9zdmciPjwvc3ZnPg==\" style=\"--smush-placeholder-width: 1024px; --smush-placeholder-aspect-ratio: 1024\/819;\" \/><figcaption class=\"wp-element-caption\">P\u00e9trole XI, 2020\u2014 \u00a9 Matthieu Gafsou \/ MAPS \/ Galerie C<\/figcaption><\/figure>\n<\/figure>\n\n\n\n<p class=\"wp-block-paragraph\">Cette intervention pourrait n&rsquo;\u00eatre qu&rsquo;un proc\u00e9d\u00e9 plastique. Elle constitue pourtant l&rsquo;un des centres de gravit\u00e9 du projet. Le p\u00e9trole n&rsquo;est pas seulement une substance polluante. Il est aussi l&rsquo;\u00e9nergie qui a rendu possible notre d\u00e9veloppement industriel et dont d\u00e9pend encore une grande partie de nos modes de vie. En venant recouvrir les photographies, il ne d\u00e9truit pas les paysages : il r\u00e9v\u00e8le une contradiction. Ce que nous consid\u00e9rons comme ext\u00e9rieur \u00e0 la nature est d\u00e9j\u00e0 inscrit en elle. Ce qui menace les \u00e9quilibres du vivant est aussi ce qui soutient encore notre confort quotidien.<\/p>\n\n\n\n<p class=\"wp-block-paragraph\">La contamination n&rsquo;est donc pas seulement dans l&rsquo;image. Elle traverse \u00e9galement celui qui la regarde. Devant ces surfaces iridescentes, le regard oscille entre fascination esth\u00e9tique et malaise. L&rsquo;\u0153uvre ne d\u00e9livre aucune r\u00e9ponse, elle fait \u00e9prouver une contradiction que les discours peinent souvent \u00e0 rendre&nbsp;sensible.&nbsp;C\u2019est l\u00e0 la puissance de l\u2019art.<\/p>\n\n\n\n<h2 class=\"wp-block-heading\"><strong>Un monde d&rsquo;hybrides<\/strong><\/h2>\n\n\n\n<p class=\"wp-block-paragraph\">Cette intervention sur les tirages dit quelque chose de la nature m\u00eame du livre.&nbsp;<em>Vivants<\/em>&nbsp;n&rsquo;est pas un inventaire photographique de la crise \u00e9cologique ; c&rsquo;est un essai visuel construit par associations, rapprochements et r\u00e9sonances.<\/p>\n\n\n\n<figure class=\"wp-block-gallery has-nested-images columns-default is-cropped wp-block-gallery-6 is-layout-flex wp-block-gallery-is-layout-flex\">\n<figure class=\"wp-block-image size-large\"><img decoding=\"async\" width=\"1024\" height=\"819\" data-id=\"32577\" data-src=\"https:\/\/wonderfauna.org\/wp-content\/uploads\/2026\/08\/GAM_VIVANTS_2022_049-1024x819.jpg\" alt=\"\" class=\"wp-image-32577 lazyload\" data-srcset=\"https:\/\/wonderfauna.org\/wp-content\/uploads\/2026\/08\/GAM_VIVANTS_2022_049-1024x819.jpg 1024w, https:\/\/wonderfauna.org\/wp-content\/uploads\/2026\/08\/GAM_VIVANTS_2022_049-300x240.jpg 300w, https:\/\/wonderfauna.org\/wp-content\/uploads\/2026\/08\/GAM_VIVANTS_2022_049-768x614.jpg 768w, https:\/\/wonderfauna.org\/wp-content\/uploads\/2026\/08\/GAM_VIVANTS_2022_049-1536x1229.jpg 1536w, https:\/\/wonderfauna.org\/wp-content\/uploads\/2026\/08\/GAM_VIVANTS_2022_049-2048x1638.jpg 2048w, https:\/\/wonderfauna.org\/wp-content\/uploads\/2026\/08\/GAM_VIVANTS_2022_049-15x12.jpg 15w\" data-sizes=\"(max-width: 1024px) 100vw, 1024px\" src=\"data:image\/svg+xml;base64,PHN2ZyB3aWR0aD0iMSIgaGVpZ2h0PSIxIiB4bWxucz0iaHR0cDovL3d3dy53My5vcmcvMjAwMC9zdmciPjwvc3ZnPg==\" style=\"--smush-placeholder-width: 1024px; --smush-placeholder-aspect-ratio: 1024\/819;\" \/><figcaption class=\"wp-element-caption\"><em>Cern, 2019.<\/em> Extrait de&nbsp;<em>Vivants<\/em>, de Matthieu Gafsou,&nbsp;Atelier EXB, 2023. \u2014 \u00a9 Matthieu Gafsou \/ MAPS \/ Galerie C<\/figcaption><\/figure>\n<\/figure>\n\n\n\n<figure class=\"wp-block-gallery has-nested-images columns-default is-cropped wp-block-gallery-7 is-layout-flex wp-block-gallery-is-layout-flex\">\n<figure class=\"wp-block-image size-large\"><img decoding=\"async\" width=\"1024\" height=\"819\" data-id=\"32587\" data-src=\"https:\/\/wonderfauna.org\/wp-content\/uploads\/2026\/08\/GAM_VIVANTS_2022_053-1024x819.jpg\" alt=\"\" class=\"wp-image-32587 lazyload\" data-srcset=\"https:\/\/wonderfauna.org\/wp-content\/uploads\/2026\/08\/GAM_VIVANTS_2022_053-1024x819.jpg 1024w, https:\/\/wonderfauna.org\/wp-content\/uploads\/2026\/08\/GAM_VIVANTS_2022_053-300x240.jpg 300w, https:\/\/wonderfauna.org\/wp-content\/uploads\/2026\/08\/GAM_VIVANTS_2022_053-768x614.jpg 768w, https:\/\/wonderfauna.org\/wp-content\/uploads\/2026\/08\/GAM_VIVANTS_2022_053-1536x1229.jpg 1536w, https:\/\/wonderfauna.org\/wp-content\/uploads\/2026\/08\/GAM_VIVANTS_2022_053-2048x1638.jpg 2048w, https:\/\/wonderfauna.org\/wp-content\/uploads\/2026\/08\/GAM_VIVANTS_2022_053-15x12.jpg 15w\" data-sizes=\"(max-width: 1024px) 100vw, 1024px\" src=\"data:image\/svg+xml;base64,PHN2ZyB3aWR0aD0iMSIgaGVpZ2h0PSIxIiB4bWxucz0iaHR0cDovL3d3dy53My5vcmcvMjAwMC9zdmciPjwvc3ZnPg==\" style=\"--smush-placeholder-width: 1024px; --smush-placeholder-aspect-ratio: 1024\/819;\" \/><figcaption class=\"wp-element-caption\"><em>Xiamen III<\/em>, 2018. Extrait de&nbsp;<em>Vivants<\/em>, de Matthieu Gafsou,&nbsp;Atelier EXB, 2023. \u2014 \u00a9 Matthieu Gafsou \/ MAPS \/ Galerie C<\/figcaption><\/figure>\n<\/figure>\n\n\n\n<p class=\"wp-block-paragraph\">Portraits, paysages, v\u00e9g\u00e9taux, animaux, infrastructures industrielles ou d\u00e9tails presque abstraits composent une m\u00eame trame. Aucun sujet ne domine les autres. Un visage re\u00e7oit la m\u00eame attention qu&rsquo;un sous-bois, une fleur dialogue avec une machine, un ciel charg\u00e9 r\u00e9pond \u00e0 une pr\u00e9sence humaine. Peu \u00e0 peu, le livre dissout les lignes de s\u00e9paration que notre regard avait fini par consid\u00e9rer comme naturelles.<\/p>\n\n\n\n<p class=\"wp-block-paragraph\">Cette logique fait \u00e9cho aux analyses du philosophe fran\u00e7ais Bruno Latour, pour qui la modernit\u00e9 pr\u00e9tend s\u00e9parer la nature de la culture alors qu&rsquo;elle produit en permanence des hybrides m\u00ealant humains, techniques et non-humains. Les photographies de Gafsou donnent une forme&nbsp;sensible&nbsp;\u00e0 cette pens\u00e9e : elles montrent un monde o\u00f9 les fronti\u00e8res que nous croyons \u00e9tablies ne cessent de se brouiller.<\/p>\n\n\n\n<p class=\"wp-block-paragraph\">Regarder autrement ne consiste donc pas \u00e0 retrouver une nature id\u00e9alis\u00e9e, mais&nbsp;\u00e0 reconna\u00eetre que nous sommes pris dans un r\u00e9seau de relations dont nous d\u00e9pendons. Cette prise de conscience n&rsquo;a rien d&rsquo;abstrait. Elle commence dans l&rsquo;exp\u00e9rience la plus quotidienne : \u00e9couter le chant d&rsquo;un merle, observer un insecte survoler une prairie fleurie, sentir qu&rsquo;un paysage est le fruit d\u2019une communaut\u00e9 de pr\u00e9sences dont nous faisons partie.<\/p>\n\n\n\n<div style=\"height:15px\" aria-hidden=\"true\" class=\"wp-block-spacer\"><\/div>\n\n\n\n<p class=\"has-x-large-font-size wp-block-paragraph\"><strong>\u00ab\u2009Regarder autrement ne consiste donc pas \u00e0 retrouver une nature id\u00e9alis\u00e9e, mais&nbsp;\u00e0 reconna\u00eetre que nous sommes pris dans un r\u00e9seau de relations dont nous d\u00e9pendons.<\/strong> <strong>\u00bb<\/strong><\/p>\n\n\n\n<p class=\"wp-block-paragraph\">\u2013 Quentin Arnoux, \u00e0 propos de la pratique de Matthieu Gafsou<\/p>\n\n\n\n<div style=\"height:15px\" aria-hidden=\"true\" class=\"wp-block-spacer\"><\/div>\n\n\n\n<figure class=\"wp-block-gallery aligncenter has-nested-images columns-default is-cropped wp-block-gallery-8 is-layout-flex wp-block-gallery-is-layout-flex\">\n<figure class=\"wp-block-image size-large\"><img decoding=\"async\" width=\"768\" height=\"1024\" data-id=\"32626\" data-src=\"https:\/\/wonderfauna.org\/wp-content\/uploads\/2026\/08\/SiteMatthieuGafsou_\u00a9SamanthaKeller-6-768x1024.jpg\" alt=\"Portrait de Matthieu Gafsou \u2013 \u00a9SamanthaKelle\" class=\"wp-image-32626 lazyload\" data-srcset=\"https:\/\/wonderfauna.org\/wp-content\/uploads\/2026\/08\/SiteMatthieuGafsou_\u00a9SamanthaKeller-6-768x1024.jpg 768w, https:\/\/wonderfauna.org\/wp-content\/uploads\/2026\/08\/SiteMatthieuGafsou_\u00a9SamanthaKeller-6-225x300.jpg 225w, https:\/\/wonderfauna.org\/wp-content\/uploads\/2026\/08\/SiteMatthieuGafsou_\u00a9SamanthaKeller-6-9x12.jpg 9w, https:\/\/wonderfauna.org\/wp-content\/uploads\/2026\/08\/SiteMatthieuGafsou_\u00a9SamanthaKeller-6.jpg 1063w\" data-sizes=\"(max-width: 768px) 100vw, 768px\" src=\"data:image\/svg+xml;base64,PHN2ZyB3aWR0aD0iMSIgaGVpZ2h0PSIxIiB4bWxucz0iaHR0cDovL3d3dy53My5vcmcvMjAwMC9zdmciPjwvc3ZnPg==\" style=\"--smush-placeholder-width: 768px; --smush-placeholder-aspect-ratio: 768\/1024;\" \/><figcaption class=\"wp-element-caption\">Portrait de Matthieu Gafsou, 2026 \u2013 \u00a9 SamanthaKeller<\/figcaption><\/figure>\n<\/figure>\n\n\n\n<h2 class=\"wp-block-heading\"><strong><strong>Ce qu\u2019on emporte<\/strong><\/strong><\/h2>\n\n\n\n<p class=\"wp-block-paragraph\">C&rsquo;est \u00e0 ce seuil que&nbsp;<em>Vivants&nbsp;<\/em>nous laisse, ni consol\u00e9s, ni accabl\u00e9s de culpabilit\u00e9, mais debout devant quelque chose qu&rsquo;on avait fini par oublier : la possibilit\u00e9 d&rsquo;un lien au monde qui ne soit pas fond\u00e9 sur la prise, la capture ou la possession, mais sur une forme d&rsquo;attention r\u00e9ciproque.<\/p>\n\n\n\n<p class=\"wp-block-paragraph\">\u00c0 la fermeture du livre, quelque chose a d\u00e9j\u00e0 chang\u00e9. Dans la fa\u00e7on d\u2019\u00e9couter le chant des for\u00eats, dans la mani\u00e8re de regarder un paysage pastoral, dans la compr\u00e9hension que nous sommes les coauteurs de ce monde et qu&rsquo;il est encore temps, si nous le voulons vraiment, d&rsquo;\u00eatre des vivants parmi d\u2019autres.<\/p>\n\n\n\n<figure class=\"wp-block-gallery has-nested-images columns-default is-cropped wp-block-gallery-9 is-layout-flex wp-block-gallery-is-layout-flex\">\n<figure class=\"wp-block-image size-large\"><img decoding=\"async\" width=\"1024\" height=\"819\" data-id=\"32539\" data-src=\"https:\/\/wonderfauna.org\/wp-content\/uploads\/2026\/08\/GAM_VIVANTS_2022_067-1024x819.jpg\" alt=\"\" class=\"wp-image-32539 lazyload\" data-srcset=\"https:\/\/wonderfauna.org\/wp-content\/uploads\/2026\/08\/GAM_VIVANTS_2022_067-1024x819.jpg 1024w, https:\/\/wonderfauna.org\/wp-content\/uploads\/2026\/08\/GAM_VIVANTS_2022_067-300x240.jpg 300w, https:\/\/wonderfauna.org\/wp-content\/uploads\/2026\/08\/GAM_VIVANTS_2022_067-768x614.jpg 768w, https:\/\/wonderfauna.org\/wp-content\/uploads\/2026\/08\/GAM_VIVANTS_2022_067-1536x1229.jpg 1536w, https:\/\/wonderfauna.org\/wp-content\/uploads\/2026\/08\/GAM_VIVANTS_2022_067-2048x1638.jpg 2048w, https:\/\/wonderfauna.org\/wp-content\/uploads\/2026\/08\/GAM_VIVANTS_2022_067-15x12.jpg 15w\" data-sizes=\"(max-width: 1024px) 100vw, 1024px\" src=\"data:image\/svg+xml;base64,PHN2ZyB3aWR0aD0iMSIgaGVpZ2h0PSIxIiB4bWxucz0iaHR0cDovL3d3dy53My5vcmcvMjAwMC9zdmciPjwvc3ZnPg==\" style=\"--smush-placeholder-width: 1024px; --smush-placeholder-aspect-ratio: 1024\/819;\" \/><figcaption class=\"wp-element-caption\"><em>Ciel, 2019. <\/em>Extrait de&nbsp;<em>Vivants<\/em>, de Matthieu Gafsou,&nbsp;Atelier EXB, 2023. \u2014 \u00a9 Matthieu Gafsou \/ MAPS \/ Galerie C<\/figcaption><\/figure>\n<\/figure>\n\n\n\n<div style=\"height:0px\" aria-hidden=\"true\" class=\"wp-block-spacer\"><\/div>\n\n\n\n<hr class=\"wp-block-separator has-alpha-channel-opacity\"\/>\n\n\n\n<h2 class=\"wp-block-heading\"><strong><u>Bibliographie<\/u><\/strong><\/h2>\n\n\n\n<p class=\"wp-block-paragraph\">Abram, D. (2013). <em>Comment la terre s\u2019est tue. Pour une \u00e9cologie des sens.<\/em> Paris : La D\u00e9couverte (Ouvrage original publi\u00e9 en 1996 sous le titre The Spell of the Sensuous.&nbsp;Perception and Language in a More-than Human World)<\/p>\n\n\n\n<p class=\"wp-block-paragraph\">Latour, B. (1991).&nbsp;<em>Nous n&rsquo;avons jamais \u00e9t\u00e9&nbsp;modernes.&nbsp;<\/em>Essai d&rsquo;anthropologie sym\u00e9trique. Paris :&nbsp;La D\u00e9couverte.<\/p>\n\n\n\n<div style=\"height:31px\" aria-hidden=\"true\" class=\"wp-block-spacer\"><\/div>\n\n\n\n<p class=\"wp-block-paragraph\"><strong>Texte <\/strong>: Quentin Arnoux<\/p>\n\n\n\n<p class=\"wp-block-paragraph\"><strong>Photographies : <\/strong>Matthieu Gafsou et Samantha Keller<\/p>\n\n\n\n<p class=\"wp-block-paragraph\"><strong>Direction \u00e9ditoriale et iconographique :<\/strong> Samantha Keller<\/p>\n\n\n\n<p class=\"wp-block-paragraph\"><strong>Site internet de Matthieu Gafsou : <\/strong><a href=\"https:\/\/www.gafsou.ch\">https:\/\/www.gafsou.ch<\/a><\/p>\n\n\n\n<p class=\"wp-block-paragraph\"><strong>L&rsquo;ouvrage <em>Vivants<\/em> de Matthieu Gafsou :<\/strong> <a href=\"https:\/\/focale.ch\/livre\/vivants-mathieu-gafsou\/\">https:\/\/focale.ch\/livre\/vivants-mathieu-gafsou\/<\/a><\/p>\n\n\n\n<p class=\"wp-block-paragraph\"><strong>Avec le soutien de la Fondation Zigerli-Hegi<\/strong><span style=\"font-family: -webkit-standard; font-size: medium; white-space: normal;\"><\/span><\/p>\n\n\n\n<p class=\"wp-block-paragraph\"><\/p>","protected":false},"excerpt":{"rendered":"<p>Depuis plus de vingt ans, Matthieu Gafsou d\u00e9veloppe une \u0153uvre photographique attentive aux fractures de notre \u00e9poque. Ses s\u00e9ries explorent des territoires o\u00f9 nos certitudes se fissurent et nos angoisses \u00e9clatent : les corps augment\u00e9s par la technologie dans <i>H+<\/i>, les existences boulevers\u00e9es par la d\u00e9pendance dans <i>Only God Can Judge Me<\/i>, l\u2019effritement de l\u2019institution catholique dans <i>Sacr\u00e9<\/i>. La photographie devient alors un outil d\u2019enqu\u00eate et se m\u00eale \u00e0 une vaste r\u00e9flexion sur notre condition.<br \/>\nAvec <i>Vivants<\/i> (2023), le sujet change d\u2019\u00e9chelle et questionne le tissu m\u00eame de notre existence. Au fil des pages, une question se d\u00e9ploie, \u00e0 la fois simple et vertigineuse : qu&rsquo;avons-nous fait du vivant et \u2013 en miroir \u2013 que sommes-nous devenus ?<\/p>","protected":false},"author":3,"featured_media":32541,"comment_status":"closed","ping_status":"open","sticky":false,"template":"","format":"standard","meta":{"_seopress_titles_title":"Des Vivants parmi d\u2019autres. Regard sur le monde avec Matthieu Gafsou.","_seopress_titles_desc":"Depuis plus de vingt ans, Matthieu Gafsou d\u00e9veloppe une \u0153uvre photographique attentive aux fractures de notre \u00e9poque. Ses s\u00e9ries explorent des territoires o\u00f9 nos certitudes se fissurent et nos angoisses \u00e9clatent : les corps augment\u00e9s par la technologie dans H+, les existences boulevers\u00e9es par la d\u00e9pendance dans Only God Can Judge Me, l\u2019effritement de l\u2019institution catholique dans Sacr\u00e9. La photographie devient alors un outil d\u2019enqu\u00eate et se m\u00eale \u00e0 une vaste r\u00e9flexion sur notre condition. Avec Vivants (2023), le sujet change d\u2019\u00e9chelle et questionne le tissu m\u00eame de notre existence. Au fil des pages, une question se d\u00e9ploie, \u00e0 la fois simple et vertigineuse : qu'avons-nous fait du vivant et \u2013 en miroir \u2013 que sommes-nous devenus ?","_seopress_robots_index":"","_seopress_robots_follow":"","_seopress_robots_imageindex":"","_seopress_robots_snippet":"","_seopress_robots_primary_cat":"none","_seopress_robots_breadcrumbs":"","_seopress_robots_freeze_modified_date":"","_seopress_robots_custom_modified_date":"","_seopress_robots_canonical":"","_seopress_social_fb_title":"Regard sur le monde avec Matthieu Gafsou.","_seopress_social_fb_desc":"Depuis plus de vingt ans, Matthieu Gafsou d\u00e9veloppe une \u0153uvre photographique attentive aux fractures de notre \u00e9poque. Ses s\u00e9ries explorent des territoires o\u00f9 nos certitudes se fissurent et nos angoisses \u00e9clatent : les corps augment\u00e9s par la technologie dans H+, les existences boulevers\u00e9es par la d\u00e9pendance dans Only God Can Judge Me, l\u2019effritement de l\u2019institution catholique dans Sacr\u00e9. La photographie devient alors un outil d\u2019enqu\u00eate et se m\u00eale \u00e0 une vaste r\u00e9flexion sur notre condition. Avec Vivants (2023), le sujet change d\u2019\u00e9chelle et questionne le tissu m\u00eame de notre existence. Au fil des pages, une question se d\u00e9ploie, \u00e0 la fois simple et vertigineuse : qu'avons-nous fait du vivant et \u2013 en miroir \u2013 que sommes-nous devenus ?","_seopress_social_fb_img":"https:\/\/wonderfauna.org\/wp-content\/uploads\/2026\/08\/SiteMatthieuGafsou_\u00a9SamanthaKeller-4.jpg","_seopress_social_fb_img_attachment_id":32612,"_seopress_social_fb_img_width":1417,"_seopress_social_fb_img_height":945,"_seopress_social_twitter_title":"Des Vivants parmi d\u2019autres. Regard sur le monde avec Matthieu Gafsou.","_seopress_social_twitter_desc":"Depuis plus de vingt ans, Matthieu Gafsou d\u00e9veloppe une \u0153uvre photographique attentive aux fractures de notre \u00e9poque. Ses s\u00e9ries explorent des territoires o\u00f9 nos certitudes se fissurent et nos angoisses \u00e9clatent : les corps augment\u00e9s par la technologie dans H+, les existences boulevers\u00e9es par la d\u00e9pendance dans Only God Can Judge Me, l\u2019effritement de l\u2019institution catholique dans Sacr\u00e9. La photographie devient alors un outil d\u2019enqu\u00eate et se m\u00eale \u00e0 une vaste r\u00e9flexion sur notre condition. Avec Vivants (2023), le sujet change d\u2019\u00e9chelle et questionne le tissu m\u00eame de notre existence. Au fil des pages, une question se d\u00e9ploie, \u00e0 la fois simple et vertigineuse : qu'avons-nous fait du vivant et \u2013 en miroir \u2013 que sommes-nous devenus ?","_seopress_social_twitter_img":"https:\/\/wonderfauna.org\/wp-content\/uploads\/2026\/08\/SiteMatthieuGafsou_\u00a9SamanthaKeller-4.jpg","_seopress_social_twitter_img_attachment_id":32612,"_seopress_social_twitter_img_width":1417,"_seopress_social_twitter_img_height":945,"_seopress_redirections_value":"","_seopress_redirections_enabled":"","_seopress_redirections_enabled_regex":"","_seopress_redirections_logged_status":"both","_seopress_redirections_param":"","_seopress_redirections_type":301,"_seopress_analysis_target_kw":"Vivants,Matthieu Gafsou,Photographie","footnotes":""},"categories":[13,32,20],"tags":[10,11,37],"class_list":["post-32567","post","type-post","status-publish","format-standard","has-post-thumbnail","hentry","category-biodiversite","category-portrait","category-science","tag-biodiversite","tag-nature","tag-photographie"],"_links":{"self":[{"href":"https:\/\/wonderfauna.org\/en\/wp-json\/wp\/v2\/posts\/32567","targetHints":{"allow":["GET"]}}],"collection":[{"href":"https:\/\/wonderfauna.org\/en\/wp-json\/wp\/v2\/posts"}],"about":[{"href":"https:\/\/wonderfauna.org\/en\/wp-json\/wp\/v2\/types\/post"}],"author":[{"embeddable":true,"href":"https:\/\/wonderfauna.org\/en\/wp-json\/wp\/v2\/users\/3"}],"replies":[{"embeddable":true,"href":"https:\/\/wonderfauna.org\/en\/wp-json\/wp\/v2\/comments?post=32567"}],"version-history":[{"count":40,"href":"https:\/\/wonderfauna.org\/en\/wp-json\/wp\/v2\/posts\/32567\/revisions"}],"predecessor-version":[{"id":32632,"href":"https:\/\/wonderfauna.org\/en\/wp-json\/wp\/v2\/posts\/32567\/revisions\/32632"}],"wp:attachment":[{"href":"https:\/\/wonderfauna.org\/en\/wp-json\/wp\/v2\/media?parent=32567"}],"wp:term":[{"taxonomy":"category","embeddable":true,"href":"https:\/\/wonderfauna.org\/en\/wp-json\/wp\/v2\/categories?post=32567"},{"taxonomy":"post_tag","embeddable":true,"href":"https:\/\/wonderfauna.org\/en\/wp-json\/wp\/v2\/tags?post=32567"}],"curies":[{"name":"wp","href":"https:\/\/api.w.org\/{rel}","templated":true}]}}